{"id":145,"date":"2011-01-27T14:35:29","date_gmt":"2011-01-27T14:35:29","guid":{"rendered":"http:\/\/www.die-transporteure-siegen.de\/?p=145"},"modified":"2022-03-15T09:00:39","modified_gmt":"2022-03-15T07:00:39","slug":"wir-uber-uns","status":"publish","type":"post","link":"https:\/\/www.die-transporteure-siegen.de\/?p=145","title":{"rendered":"Die Historie der Transporteure e.V. ist interessant:"},"content":{"rendered":"<p><strong>1990 &#8211; 1995: Hilfe im Namen des Deutschen Roten Kreuzes<\/strong><\/p>\n<p>Von 1990 bis 1995 transportierten Kollegen der Sparkasse Siegen Hilfsg\u00fcter nach Siebenb\u00fcrgen\/Rum\u00e4nien. Die Hilfe in der Not dieses Landes wird in Kooperation mit dem Deutschen Roten Kreuz bewerkstelligt.<\/p>\n<p><strong>Vereinsgr\u00fcndung 1995<\/strong><\/p>\n<p>Der kleine Verein &#8222;Die Transporteure &#8211; Hilfe f\u00fcr Menschen in Not e.V.&#8220; wird 1995 gegr\u00fcndet. Fortan werden gezielte Projekte unterst\u00fctzt. Die LKW-Transporte werden nach und nach entbehrlich, durch j\u00e4hrliche Besuche in Rum\u00e4nien k\u00f6nnen nun auch Geldspenden sicher eingesetzt werden.<\/p>\n<p><strong>Vereinsvorstand:<\/strong><\/p>\n<p>Dirk Sch\u00f6ps (Vorsitzender)<br \/>\nHeike Wagner ( 1. stv. Vorsitzende)<br \/>\nChrista Amos (2. stv. Vorsitzende)<br \/>\nSaskia Schmidt<br \/>\nReiner Senner<\/p>\n<p><strong>Ehrenvorsitzender:<\/strong><br \/>\nMichael Kahm<\/p>\n<p><strong>Mitglied werden\/Freund werden:<\/strong><\/p>\n<p>Wir sind zwar aus dem Kollegenkreis der Sparkasse Siegen entstanden, jedoch nicht auf diesen Kreis beschr\u00e4nkt. Als freier, eingetragener Verein freuen wir uns \u00fcber jede\/n, die\/der zu uns st\u00f6\u00dft!<\/p>\n<p><strong>Kontakt:<\/strong><\/p>\n<p>Die Transporteure e.V.<br \/>\nc\/o Sparkasse Siegen<br \/>\nMorleystr. 2-6<br \/>\n57072 Siegen<\/p>\n<p>Tel. 0271 596-5401<\/p>\n","protected":false},"excerpt":{"rendered":"<p>1990 &#8211; 1995: Hilfe im Namen des Deutschen Roten Kreuzes Von 1990 bis 1995 transportierten Kollegen der Sparkasse Siegen Hilfsg\u00fcter nach Siebenb\u00fcrgen\/Rum\u00e4nien. Die Hilfe in der Not dieses Landes wird in Kooperation mit dem Deutschen Roten Kreuz bewerkstelligt. Vereinsgr\u00fcndung 1995 Der kleine Verein &#8222;Die Transporteure &#8211; Hilfe f\u00fcr Menschen in Not e.V.&#8220; wird 1995 gegr\u00fcndet. [&hellip;]<\/p>\n","protected":false},"author":1,"featured_media":0,"comment_status":"closed","ping_status":"closed","sticky":false,"template":"","format":"standard","meta":{"footnotes":""},"categories":[1],"tags":[],"class_list":["post-145","post","type-post","status-publish","format-standard","hentry","category-ueber-uns"],"_links":{"self":[{"href":"https:\/\/www.die-transporteure-siegen.de\/index.php?rest_route=\/wp\/v2\/posts\/145","targetHints":{"allow":["GET"]}}],"collection":[{"href":"https:\/\/www.die-transporteure-siegen.de\/index.php?rest_route=\/wp\/v2\/posts"}],"about":[{"href":"https:\/\/www.die-transporteure-siegen.de\/index.php?rest_route=\/wp\/v2\/types\/post"}],"author":[{"embeddable":true,"href":"https:\/\/www.die-transporteure-siegen.de\/index.php?rest_route=\/wp\/v2\/users\/1"}],"replies":[{"embeddable":true,"href":"https:\/\/www.die-transporteure-siegen.de\/index.php?rest_route=%2Fwp%2Fv2%2Fcomments&post=145"}],"version-history":[{"count":10,"href":"https:\/\/www.die-transporteure-siegen.de\/index.php?rest_route=\/wp\/v2\/posts\/145\/revisions"}],"predecessor-version":[{"id":591,"href":"https:\/\/www.die-transporteure-siegen.de\/index.php?rest_route=\/wp\/v2\/posts\/145\/revisions\/591"}],"wp:attachment":[{"href":"https:\/\/www.die-transporteure-siegen.de\/index.php?rest_route=%2Fwp%2Fv2%2Fmedia&parent=145"}],"wp:term":[{"taxonomy":"category","embeddable":true,"href":"https:\/\/www.die-transporteure-siegen.de\/index.php?rest_route=%2Fwp%2Fv2%2Fcategories&post=145"},{"taxonomy":"post_tag","embeddable":true,"href":"https:\/\/www.die-transporteure-siegen.de\/index.php?rest_route=%2Fwp%2Fv2%2Ftags&post=145"}],"curies":[{"name":"wp","href":"https:\/\/api.w.org\/{rel}","templated":true}]}}