{"id":501,"date":"2019-11-07T14:11:29","date_gmt":"2019-11-07T13:11:29","guid":{"rendered":"http:\/\/www.die-transporteure-siegen.de\/?p=501"},"modified":"2019-11-07T14:11:29","modified_gmt":"2019-11-07T13:11:29","slug":"sonderaufruf-haus-des-lichts-in-not-mit-wunderbarer-resonanz","status":"publish","type":"post","link":"https:\/\/www.die-transporteure-siegen.de\/?p=501","title":{"rendered":"Sonderaufruf \u201eHaus des Lichts in Not\u201c mit wunderbarer Resonanz!"},"content":{"rendered":"\n<p> Liebe Mitglieder und Freunde der \u201eTransporteure\u201c, <br><br>nachdem wir im April eine Sofortspende von 5.000 Euro geleistet haben, konnten wir jetzt, nach einem dringlichen Sonderaufruf an unsere Mitglieder und Freunde, nochmals <strong>10.000 Euro<\/strong> \u00fcberweisen. Und damit nicht genug: Unsere (Not-)Reserven sind soweit gef\u00fcllt, dass wir die Notlage auch in den n\u00e4chsten Monaten zumindest lindern k\u00f6nnen.<br><br><a href=\"https:\/\/www.die-transporteure-siegen.de\/wp-content\/uploads\/Homepage_Aktuell_09_2019.pdf\" target=\"_blank\" rel=\"noreferrer noopener\" aria-label=\"Mehr erfahren (\u00f6ffnet in neuem Tab)\">Mehr erfahren<\/a><\/p>\n\n\n\n<p><\/p>\n","protected":false},"excerpt":{"rendered":"<p>Liebe Mitglieder und Freunde der \u201eTransporteure\u201c, nachdem wir im April eine Sofortspende von 5.000 Euro geleistet haben, konnten wir jetzt, nach einem dringlichen Sonderaufruf an unsere Mitglieder und Freunde, nochmals 10.000 Euro \u00fcberweisen. Und damit nicht genug: Unsere (Not-)Reserven sind soweit gef\u00fcllt, dass wir die Notlage auch in den n\u00e4chsten Monaten zumindest lindern k\u00f6nnen. Mehr [&hellip;]<\/p>\n","protected":false},"author":2,"featured_media":0,"comment_status":"closed","ping_status":"closed","sticky":false,"template":"","format":"standard","meta":{"footnotes":""},"categories":[15],"tags":[],"class_list":["post-501","post","type-post","status-publish","format-standard","hentry","category-aktuelles"],"_links":{"self":[{"href":"https:\/\/www.die-transporteure-siegen.de\/index.php?rest_route=\/wp\/v2\/posts\/501","targetHints":{"allow":["GET"]}}],"collection":[{"href":"https:\/\/www.die-transporteure-siegen.de\/index.php?rest_route=\/wp\/v2\/posts"}],"about":[{"href":"https:\/\/www.die-transporteure-siegen.de\/index.php?rest_route=\/wp\/v2\/types\/post"}],"author":[{"embeddable":true,"href":"https:\/\/www.die-transporteure-siegen.de\/index.php?rest_route=\/wp\/v2\/users\/2"}],"replies":[{"embeddable":true,"href":"https:\/\/www.die-transporteure-siegen.de\/index.php?rest_route=%2Fwp%2Fv2%2Fcomments&post=501"}],"version-history":[{"count":1,"href":"https:\/\/www.die-transporteure-siegen.de\/index.php?rest_route=\/wp\/v2\/posts\/501\/revisions"}],"predecessor-version":[{"id":503,"href":"https:\/\/www.die-transporteure-siegen.de\/index.php?rest_route=\/wp\/v2\/posts\/501\/revisions\/503"}],"wp:attachment":[{"href":"https:\/\/www.die-transporteure-siegen.de\/index.php?rest_route=%2Fwp%2Fv2%2Fmedia&parent=501"}],"wp:term":[{"taxonomy":"category","embeddable":true,"href":"https:\/\/www.die-transporteure-siegen.de\/index.php?rest_route=%2Fwp%2Fv2%2Fcategories&post=501"},{"taxonomy":"post_tag","embeddable":true,"href":"https:\/\/www.die-transporteure-siegen.de\/index.php?rest_route=%2Fwp%2Fv2%2Ftags&post=501"}],"curies":[{"name":"wp","href":"https:\/\/api.w.org\/{rel}","templated":true}]}}